{"id":1204,"date":"2012-05-28T19:55:05","date_gmt":"2012-05-28T22:55:05","guid":{"rendered":"https:\/\/pt.blogs.cam4.com\/?p=1204"},"modified":"2013-07-05T17:41:23","modified_gmt":"2013-07-05T20:41:23","slug":"marcha-das-vadias","status":"publish","type":"post","link":"https:\/\/pt.cam4.com\/blog\/marcha-das-vadias\/","title":{"rendered":"Marcha das Vadias"},"content":{"rendered":"<p><a href=\"https:\/\/pt.cam4.com\/blog\/files\/2012\/05\/marcha_das_vadias3.jpg\"><img loading=\"lazy\" class=\"alignnone  wp-image-1205\" src=\"https:\/\/pt.cam4.com\/blog\/files\/2012\/05\/marcha_das_vadias3.jpg\" alt=\"\" width=\"562\" height=\"294\" srcset=\"https:\/\/pt.cam4.com\/blog\/wp-content\/blogs.dir\/10\/files\/2012\/05\/marcha_das_vadias3.jpg 640w, https:\/\/pt.cam4.com\/blog\/wp-content\/blogs.dir\/10\/files\/2012\/05\/marcha_das_vadias3-300x157.jpg 300w\" sizes=\"(max-width: 562px) 100vw, 562px\" \/><\/a>Na tarde de s\u00e1bado (26\/05), mulheres de diferentes faixas et\u00e1rias participaram da 2\u00aa edi\u00e7\u00e3o da <strong>Marcha das Vadias<\/strong>, um movimento que pedia o fim da viol\u00eancia contra a mulher, fosse ela verbal, sexual ou f\u00edsica. Ao todo 14 cidades brasileiras aderiram ao movimento, entre elas S\u00e3o Paulo (SP), Rio de Janeiro (RJ), Florian\u00f3polis (SC), Salvador (BA) e Belo Horizonte (MG).<\/p>\n<p><a href=\"https:\/\/pt.cam4.com\/blog\/files\/2012\/05\/marcha_das_vadias.jpg\"><img loading=\"lazy\" class=\"alignnone  wp-image-1207\" src=\"https:\/\/pt.cam4.com\/blog\/files\/2012\/05\/marcha_das_vadias.jpg\" alt=\"\" width=\"495\" height=\"371\" srcset=\"https:\/\/pt.cam4.com\/blog\/wp-content\/blogs.dir\/10\/files\/2012\/05\/marcha_das_vadias.jpg 620w, https:\/\/pt.cam4.com\/blog\/wp-content\/blogs.dir\/10\/files\/2012\/05\/marcha_das_vadias-300x225.jpg 300w\" sizes=\"(max-width: 495px) 100vw, 495px\" \/><\/a><\/p>\n<p>Em todas as localidades, as manifestantes foram \u00e0s ruas carregando cartazes com dizerem que repudiavam o abuso sexual e que pediam mais liberdade para as mulheres.<\/p>\n<p>Algumas manifestantes traziam dizeres pintados nos corpos e usavam itens sensuais femininos, como meia arrast\u00e3o. Representantes do sexo masculino tamb\u00e9m aderiram \u00e0 causa e participaram da marcha.<\/p>\n<p>A Marcha das Vadias tem como fonte de inspira\u00e7\u00e3o o &#8220;<strong>Slut Walk<\/strong>&#8220;, um movimento mundial criado em abril de 2011. Tudo come\u00e7ou quando um oficial da pol\u00edcia de Toronto (Canad\u00e1), disse que as mulheres deveriam parar de se vestir como vadias para evitar estupros.<\/p>\n<p><a href=\"https:\/\/pt.cam4.com\/blog\/files\/2012\/05\/marcha_das_vadias2.jpg\"><img loading=\"lazy\" class=\"alignnone  wp-image-1206\" src=\"https:\/\/pt.cam4.com\/blog\/files\/2012\/05\/marcha_das_vadias2.jpg\" alt=\"\" width=\"367\" height=\"468\" srcset=\"https:\/\/pt.cam4.com\/blog\/wp-content\/blogs.dir\/10\/files\/2012\/05\/marcha_das_vadias2.jpg 470w, https:\/\/pt.cam4.com\/blog\/wp-content\/blogs.dir\/10\/files\/2012\/05\/marcha_das_vadias2-235x300.jpg 235w\" sizes=\"(max-width: 367px) 100vw, 367px\" \/><\/a><\/p>\n<p>&nbsp;<\/p>\n<p>&nbsp;<\/p>\n","protected":false},"excerpt":{"rendered":"<p><a href=\"https:\/\/pt.cam4.com\/blog\/files\/2012\/05\/marcha_das_vadias3.jpg\"><\/a>Na tarde de s\u00e1bado (26\/05), mulheres de diferentes faixas et\u00e1rias participaram da 2\u00aa edi\u00e7\u00e3o da <strong>Marcha das Vadias<\/strong>, um movimento que pedia<\/p>\n","protected":false},"author":13,"featured_media":1208,"comment_status":"open","ping_status":"open","sticky":false,"template":"","format":"standard","meta":[],"categories":[15273,34413],"tags":[16831],"yoast_head":"<!-- This site is optimized with the Yoast SEO plugin v15.3 - https:\/\/yoast.com\/wordpress\/plugins\/seo\/ -->\n<meta name=\"robots\" content=\"index, follow, max-snippet:-1, max-image-preview:large, max-video-preview:-1\" \/>\n<link rel=\"canonical\" href=\"https:\/\/pt.cam4.com\/blog\/marcha-das-vadias\/\" \/>\n<meta property=\"og:locale\" content=\"en_US\" \/>\n<meta property=\"og:type\" content=\"article\" \/>\n<meta property=\"og:title\" content=\"Marcha das Vadias - Cam4 Brasil e Portugal\" \/>\n<meta property=\"og:description\" content=\"Na tarde de s\u00e1bado (26\/05), mulheres de diferentes faixas et\u00e1rias participaram da 2\u00aa edi\u00e7\u00e3o da Marcha das Vadias, um movimento que pedia\" \/>\n<meta property=\"og:url\" content=\"https:\/\/pt.cam4.com\/blog\/marcha-das-vadias\/\" \/>\n<meta property=\"og:site_name\" content=\"Cam4 Brasil e Portugal\" \/>\n<meta property=\"article:published_time\" content=\"2012-05-28T22:55:05+00:00\" \/>\n<meta property=\"article:modified_time\" content=\"2013-07-05T20:41:23+00:00\" \/>\n<meta property=\"og:image\" content=\"https:\/\/pt.cam4.com\/blog\/wp-content\/blogs.dir\/10\/files\/2012\/05\/marcha-das-vadias-respeito.jpg\" \/>\n\t<meta property=\"og:image:width\" content=\"570\" \/>\n\t<meta property=\"og:image:height\" content=\"424\" \/>\n<meta name=\"twitter:label1\" content=\"Written by\">\n\t<meta name=\"twitter:data1\" content=\"\">\n\t<meta name=\"twitter:label2\" content=\"Est. reading time\">\n\t<meta name=\"twitter:data2\" content=\"1 minute\">\n<script type=\"application\/ld+json\" class=\"yoast-schema-graph\">{\"@context\":\"https:\/\/schema.org\",\"@graph\":[{\"@type\":\"WebSite\",\"@id\":\"https:\/\/pt.cam4.com\/blog\/#website\",\"url\":\"https:\/\/pt.cam4.com\/blog\/\",\"name\":\"Cam4 Brasil e Portugal\",\"description\":\"Entrevistas com performers do Cam4 e novidades sobre o site\",\"potentialAction\":[{\"@type\":\"SearchAction\",\"target\":\"https:\/\/pt.cam4.com\/blog\/?s={search_term_string}\",\"query-input\":\"required name=search_term_string\"}],\"inLanguage\":\"en-US\"},{\"@type\":\"ImageObject\",\"@id\":\"https:\/\/pt.cam4.com\/blog\/marcha-das-vadias\/#primaryimage\",\"inLanguage\":\"en-US\",\"url\":\"https:\/\/pt.cam4.com\/blog\/wp-content\/blogs.dir\/10\/files\/2012\/05\/marcha-das-vadias-respeito.jpg\",\"width\":\"570\",\"height\":\"424\"},{\"@type\":\"WebPage\",\"@id\":\"https:\/\/pt.cam4.com\/blog\/marcha-das-vadias\/#webpage\",\"url\":\"https:\/\/pt.cam4.com\/blog\/marcha-das-vadias\/\",\"name\":\"Marcha das Vadias - Cam4 Brasil e Portugal\",\"isPartOf\":{\"@id\":\"https:\/\/pt.cam4.com\/blog\/#website\"},\"primaryImageOfPage\":{\"@id\":\"https:\/\/pt.cam4.com\/blog\/marcha-das-vadias\/#primaryimage\"},\"datePublished\":\"2012-05-28T22:55:05+00:00\",\"dateModified\":\"2013-07-05T20:41:23+00:00\",\"author\":{\"@id\":\"\"},\"inLanguage\":\"en-US\",\"potentialAction\":[{\"@type\":\"ReadAction\",\"target\":[\"https:\/\/pt.cam4.com\/blog\/marcha-das-vadias\/\"]}]},{\"@type\":\"Person\",\"@id\":\"\"}]}<\/script>\n<!-- \/ Yoast SEO plugin. -->","_links":{"self":[{"href":"https:\/\/pt.cam4.com\/blog\/wp-json\/wp\/v2\/posts\/1204"}],"collection":[{"href":"https:\/\/pt.cam4.com\/blog\/wp-json\/wp\/v2\/posts"}],"about":[{"href":"https:\/\/pt.cam4.com\/blog\/wp-json\/wp\/v2\/types\/post"}],"author":[{"embeddable":true,"href":"https:\/\/pt.cam4.com\/blog\/wp-json\/wp\/v2\/users\/13"}],"replies":[{"embeddable":true,"href":"https:\/\/pt.cam4.com\/blog\/wp-json\/wp\/v2\/comments?post=1204"}],"version-history":[{"count":0,"href":"https:\/\/pt.cam4.com\/blog\/wp-json\/wp\/v2\/posts\/1204\/revisions"}],"wp:featuredmedia":[{"embeddable":true,"href":"https:\/\/pt.cam4.com\/blog\/wp-json\/wp\/v2\/media\/1208"}],"wp:attachment":[{"href":"https:\/\/pt.cam4.com\/blog\/wp-json\/wp\/v2\/media?parent=1204"}],"wp:term":[{"taxonomy":"category","embeddable":true,"href":"https:\/\/pt.cam4.com\/blog\/wp-json\/wp\/v2\/categories?post=1204"},{"taxonomy":"post_tag","embeddable":true,"href":"https:\/\/pt.cam4.com\/blog\/wp-json\/wp\/v2\/tags?post=1204"}],"curies":[{"name":"wp","href":"https:\/\/api.w.org\/{rel}","templated":true}]}}