{"id":1259,"date":"2012-06-11T14:08:16","date_gmt":"2012-06-11T17:08:16","guid":{"rendered":"https:\/\/pt.blogs.cam4.com\/?p=1259"},"modified":"2013-07-05T17:41:23","modified_gmt":"2013-07-05T20:41:23","slug":"parada-gay-2012-sp","status":"publish","type":"post","link":"https:\/\/pt.cam4.com\/blog\/parada-gay-2012-sp\/","title":{"rendered":"Parada Gay 2012 &#8211; SP"},"content":{"rendered":"<p>A maior parada do orgulho gay do mundo, em S\u00e3o Paulo (SP), cujo nome oficial \u00e9 Parada do Orgulho GLBT (Gays, L\u00e9sbicas, Bissexuais, Travestis e Transexuais), foi \u00e0 sua 16\u00aa edi\u00e7\u00e3o neste domingo, dia 10\/06\/2012 e reuniu cerca de 3 milh\u00f5es de pessoas na avenida Paulista. Veja as fotos:<\/p>\n<p><a href=\"https:\/\/pt.cam4.com\/blog\/files\/2012\/06\/paradagaydesp1.jpg\"><img loading=\"lazy\" class=\"alignnone  wp-image-1260\" src=\"https:\/\/pt.cam4.com\/blog\/files\/2012\/06\/paradagaydesp1.jpg\" alt=\"\" width=\"540\" height=\"319\" srcset=\"https:\/\/pt.cam4.com\/blog\/wp-content\/blogs.dir\/10\/files\/2012\/06\/paradagaydesp1.jpg 600w, https:\/\/pt.cam4.com\/blog\/wp-content\/blogs.dir\/10\/files\/2012\/06\/paradagaydesp1-300x177.jpg 300w\" sizes=\"(max-width: 540px) 100vw, 540px\" \/><\/a><\/p>\n<p>&nbsp;<\/p>\n<p><a href=\"https:\/\/pt.cam4.com\/blog\/files\/2012\/06\/paradagaydesp6.jpg\"><img loading=\"lazy\" class=\"alignnone  wp-image-1261\" src=\"https:\/\/pt.cam4.com\/blog\/files\/2012\/06\/paradagaydesp6.jpg\" alt=\"\" width=\"540\" height=\"401\" srcset=\"https:\/\/pt.cam4.com\/blog\/wp-content\/blogs.dir\/10\/files\/2012\/06\/paradagaydesp6.jpg 600w, https:\/\/pt.cam4.com\/blog\/wp-content\/blogs.dir\/10\/files\/2012\/06\/paradagaydesp6-300x222.jpg 300w\" sizes=\"(max-width: 540px) 100vw, 540px\" \/><\/a><\/p>\n<p><a href=\"https:\/\/pt.cam4.com\/blog\/files\/2012\/06\/paradagaydesp91.jpg\"><img loading=\"lazy\" class=\"alignnone  wp-image-1266\" src=\"https:\/\/pt.cam4.com\/blog\/files\/2012\/06\/paradagaydesp91.jpg\" alt=\"\" width=\"546\" height=\"451\" srcset=\"https:\/\/pt.cam4.com\/blog\/wp-content\/blogs.dir\/10\/files\/2012\/06\/paradagaydesp91.jpg 708w, https:\/\/pt.cam4.com\/blog\/wp-content\/blogs.dir\/10\/files\/2012\/06\/paradagaydesp91-300x247.jpg 300w\" sizes=\"(max-width: 546px) 100vw, 546px\" \/><\/a><\/p>\n<p>Ou Veja o site oficial do evento : <a title=\"parada gay sp\" href=\"https:\/\/www.paradasp.org.br\/home.html\">https:\/\/www.paradasp.org.br\/home.html<\/a><\/p>\n","protected":false},"excerpt":{"rendered":"<p>A maior parada do orgulho gay do mundo, em S\u00e3o Paulo (SP), cujo nome oficial \u00e9 Parada do Orgulho GLBT (Gays, L\u00e9sbicas, Bissexuais,<\/p>\n","protected":false},"author":13,"featured_media":1263,"comment_status":"open","ping_status":"open","sticky":false,"template":"","format":"standard","meta":[],"categories":[15273,34413],"tags":[16838,16839],"yoast_head":"<!-- This site is optimized with the Yoast SEO plugin v15.3 - https:\/\/yoast.com\/wordpress\/plugins\/seo\/ -->\n<meta name=\"robots\" content=\"index, follow, max-snippet:-1, max-image-preview:large, max-video-preview:-1\" \/>\n<link rel=\"canonical\" href=\"https:\/\/pt.cam4.com\/blog\/parada-gay-2012-sp\/\" \/>\n<meta property=\"og:locale\" content=\"en_US\" \/>\n<meta property=\"og:type\" content=\"article\" \/>\n<meta property=\"og:title\" content=\"Parada Gay 2012 - SP - Cam4 Brasil e Portugal\" \/>\n<meta property=\"og:description\" content=\"A maior parada do orgulho gay do mundo, em S\u00e3o Paulo (SP), cujo nome oficial \u00e9 Parada do Orgulho GLBT (Gays, L\u00e9sbicas, Bissexuais,\" \/>\n<meta property=\"og:url\" content=\"https:\/\/pt.cam4.com\/blog\/parada-gay-2012-sp\/\" \/>\n<meta property=\"og:site_name\" content=\"Cam4 Brasil e Portugal\" \/>\n<meta property=\"article:published_time\" content=\"2012-06-11T17:08:16+00:00\" \/>\n<meta property=\"article:modified_time\" content=\"2013-07-05T20:41:23+00:00\" \/>\n<meta property=\"og:image\" content=\"https:\/\/pt.cam4.com\/blog\/wp-content\/blogs.dir\/10\/files\/2012\/06\/paradagaydesp61.jpg\" \/>\n\t<meta property=\"og:image:width\" content=\"600\" \/>\n\t<meta property=\"og:image:height\" content=\"445\" \/>\n<meta name=\"twitter:label1\" content=\"Written by\">\n\t<meta name=\"twitter:data1\" content=\"\">\n\t<meta name=\"twitter:label2\" content=\"Est. reading time\">\n\t<meta name=\"twitter:data2\" content=\"0 minutes\">\n<script type=\"application\/ld+json\" class=\"yoast-schema-graph\">{\"@context\":\"https:\/\/schema.org\",\"@graph\":[{\"@type\":\"WebSite\",\"@id\":\"https:\/\/pt.cam4.com\/blog\/#website\",\"url\":\"https:\/\/pt.cam4.com\/blog\/\",\"name\":\"Cam4 Brasil e Portugal\",\"description\":\"Entrevistas com performers do Cam4 e novidades sobre o site\",\"potentialAction\":[{\"@type\":\"SearchAction\",\"target\":\"https:\/\/pt.cam4.com\/blog\/?s={search_term_string}\",\"query-input\":\"required name=search_term_string\"}],\"inLanguage\":\"en-US\"},{\"@type\":\"ImageObject\",\"@id\":\"https:\/\/pt.cam4.com\/blog\/parada-gay-2012-sp\/#primaryimage\",\"inLanguage\":\"en-US\",\"url\":\"https:\/\/pt.cam4.com\/blog\/wp-content\/blogs.dir\/10\/files\/2012\/06\/paradagaydesp61.jpg\",\"width\":\"600\",\"height\":\"445\"},{\"@type\":\"WebPage\",\"@id\":\"https:\/\/pt.cam4.com\/blog\/parada-gay-2012-sp\/#webpage\",\"url\":\"https:\/\/pt.cam4.com\/blog\/parada-gay-2012-sp\/\",\"name\":\"Parada Gay 2012 - SP - Cam4 Brasil e Portugal\",\"isPartOf\":{\"@id\":\"https:\/\/pt.cam4.com\/blog\/#website\"},\"primaryImageOfPage\":{\"@id\":\"https:\/\/pt.cam4.com\/blog\/parada-gay-2012-sp\/#primaryimage\"},\"datePublished\":\"2012-06-11T17:08:16+00:00\",\"dateModified\":\"2013-07-05T20:41:23+00:00\",\"author\":{\"@id\":\"\"},\"inLanguage\":\"en-US\",\"potentialAction\":[{\"@type\":\"ReadAction\",\"target\":[\"https:\/\/pt.cam4.com\/blog\/parada-gay-2012-sp\/\"]}]},{\"@type\":\"Person\",\"@id\":\"\"}]}<\/script>\n<!-- \/ Yoast SEO plugin. -->","_links":{"self":[{"href":"https:\/\/pt.cam4.com\/blog\/wp-json\/wp\/v2\/posts\/1259"}],"collection":[{"href":"https:\/\/pt.cam4.com\/blog\/wp-json\/wp\/v2\/posts"}],"about":[{"href":"https:\/\/pt.cam4.com\/blog\/wp-json\/wp\/v2\/types\/post"}],"author":[{"embeddable":true,"href":"https:\/\/pt.cam4.com\/blog\/wp-json\/wp\/v2\/users\/13"}],"replies":[{"embeddable":true,"href":"https:\/\/pt.cam4.com\/blog\/wp-json\/wp\/v2\/comments?post=1259"}],"version-history":[{"count":0,"href":"https:\/\/pt.cam4.com\/blog\/wp-json\/wp\/v2\/posts\/1259\/revisions"}],"wp:featuredmedia":[{"embeddable":true,"href":"https:\/\/pt.cam4.com\/blog\/wp-json\/wp\/v2\/media\/1263"}],"wp:attachment":[{"href":"https:\/\/pt.cam4.com\/blog\/wp-json\/wp\/v2\/media?parent=1259"}],"wp:term":[{"taxonomy":"category","embeddable":true,"href":"https:\/\/pt.cam4.com\/blog\/wp-json\/wp\/v2\/categories?post=1259"},{"taxonomy":"post_tag","embeddable":true,"href":"https:\/\/pt.cam4.com\/blog\/wp-json\/wp\/v2\/tags?post=1259"}],"curies":[{"name":"wp","href":"https:\/\/api.w.org\/{rel}","templated":true}]}}