{"id":8556,"date":"2015-06-15T14:30:11","date_gmt":"2015-06-15T17:30:11","guid":{"rendered":"https:\/\/pt.blogs.cam4.com\/?p=8556"},"modified":"2015-06-15T14:44:37","modified_gmt":"2015-06-15T17:44:37","slug":"cam4-gay-pride-2015","status":"publish","type":"post","link":"https:\/\/pt.cam4.com\/blog\/cam4-gay-pride-2015\/","title":{"rendered":"CAM4 Gay Pride 2015"},"content":{"rendered":"<p>De 07 a 28 de Junho estaremos celebrando o <strong>CAM4 Gay Pride 2015<\/strong>, com shows especiais com tem\u00e1tica Gay, concursos coloridos e muito mais. Para come\u00e7ar a brincadeira estamos com uma parceria com a revista<a href=\"https:\/\/www.supertopbears.com\/\" target=\"_blank\"> Super top bears Magazine\u00a0 <\/a>para o p\u00fablico Gay, principalmente de Ursos, onde voc\u00ea pode baixar gratuitamente todas as edi\u00e7\u00f5es e se divertir de gra\u00e7a \ud83d\ude09 Dia 07\u00a0 de Junho estaremos na <a href=\"https:\/\/www.paradasp.org.br\/\" target=\"_blank\">ParadaGay em SP<\/a>-Brasil &#8211; Av Paulista e estaremos dando mais de 500 brindes para voc\u00eas, dia 27 de Junho estaremos no <a href=\"https:\/\/www.ilga-portugal.pt\/lisboapride\/\" target=\"_blank\">Arraial Pride<\/a> Em Lisboa- Portugal mais uma vez celebrando a Diversidade. E \u00e9 claro teremos teremos Shows especiais com a tem\u00e1tica Gay e Concurso de Presente coloridos!!!<\/p>\n<p>Voc\u00ea tamb\u00e9m pode ler <a href=\"https:\/\/pt.cam4.com\/blog\/category\/masculino\/\" target=\"_blank\">v\u00e1rias entrevistas<\/a> que fizemos com homens gostosos do Cam4 e que postaremos diariamente na Pride Party do CAM4.<\/p>\n<p>Se voc\u00ea quer ser mais ativo ainda ( ou passivo \ud83d\ude09 voc\u00ea escolhe ) compartilhe suas fotos coloridas com a gente de 07 a 27 de Junho no Twitter do <a href=\"https:\/\/www.twitter.com\/cam4_pt\" target=\"_blank\">@Cam4_pt<\/a> com a hashtag #Cam4Gay.<\/p>\n<p>Voc\u00ea pode dar ou pedir tamb\u00e9m presentes especiais LGBT, lembrando que o performer ganha o presente e as tokens.<\/p>\n<p><a href=\"https:\/\/pt.cam4.com\/blog\/files\/2015\/06\/pres.jpg\"><img loading=\"lazy\" class=\"alignnone wp-image-8560\" src=\"https:\/\/pt.cam4.com\/blog\/files\/2015\/06\/pres.jpg\" alt=\"pres\" width=\"600\" height=\"579\" srcset=\"https:\/\/pt.cam4.com\/blog\/wp-content\/blogs.dir\/10\/files\/2015\/06\/pres.jpg 850w, https:\/\/pt.cam4.com\/blog\/wp-content\/blogs.dir\/10\/files\/2015\/06\/pres-300x289.jpg 300w\" sizes=\"(max-width: 600px) 100vw, 600px\" \/><\/a><\/p>\n<p>&nbsp;<\/p>\n<p><strong>Shows Especiais:<\/strong><\/p>\n<p><a href=\"https:\/\/www.cam4.com.br\/miketerry89\" target=\"_blank\">Miketerry89<\/a><\/p>\n<p><a href=\"https:\/\/pt.cam4.com\/blog\/files\/2015\/06\/9792098.jpg\"><img loading=\"lazy\" class=\"alignnone wp-image-8626 size-medium\" src=\"https:\/\/pt.cam4.com\/blog\/files\/2015\/06\/9792098-300x300.jpg\" alt=\"miketerry89\" width=\"300\" height=\"300\" srcset=\"https:\/\/pt.cam4.com\/blog\/wp-content\/blogs.dir\/10\/files\/2015\/06\/9792098-300x300.jpg 300w, https:\/\/pt.cam4.com\/blog\/wp-content\/blogs.dir\/10\/files\/2015\/06\/9792098-150x150.jpg 150w, https:\/\/pt.cam4.com\/blog\/wp-content\/blogs.dir\/10\/files\/2015\/06\/9792098.jpg 640w\" sizes=\"(max-width: 300px) 100vw, 300px\" \/><\/a><br \/>\n<strong>7 junho<\/strong> 11:30<br \/>\n<strong>8 junho<\/strong> 11:30<br \/>\n<strong>8 junho<\/strong> 21 hs<\/p>\n<p><a href=\"https:\/\/www.cam4.com.br\/tenbrazilboy\" target=\"_blank\">Tenbrazilboy<\/a><br \/>\n<a href=\"https:\/\/pt.cam4.com\/blog\/files\/2015\/06\/teen.jpg\"><img loading=\"lazy\" class=\"alignnone size-full wp-image-8628\" src=\"https:\/\/pt.cam4.com\/blog\/files\/2015\/06\/teen.jpg\" alt=\"tenbrazilboy\" width=\"200\" height=\"141\" \/><\/a><br \/>\n<strong>8 de junho as 22:00<\/strong> &#8221; um hetero tendo um dia gay&#8221;<br \/>\n<strong>15 de junho 22 horas<\/strong> &#8221; fazendo o que todos os gays gostam&#8221;<br \/>\n<strong>22 de junho 22 horas<\/strong> &#8221; garoto de 21 anos fazendo loucuras gays&#8221;<br \/>\n<strong>27 de junho 22 horas<\/strong> &#8221; me pe\u00e7am que eu fa\u00e7o<\/p>\n<p><a href=\"https:\/\/www.cam4.com.br\/boysnoise\" target=\"_blank\">Boysnoise<\/a> far\u00e1 v\u00e1rios shows especiais nos dias:<\/p>\n<p><a href=\"https:\/\/pt.cam4.com\/blog\/files\/2015\/06\/bn.jpg\"><img loading=\"lazy\" class=\"alignnone wp-image-8685 size-medium\" src=\"https:\/\/pt.cam4.com\/blog\/files\/2015\/06\/bn-300x225.jpg\" alt=\"bn\" width=\"300\" height=\"225\" srcset=\"https:\/\/pt.cam4.com\/blog\/wp-content\/blogs.dir\/10\/files\/2015\/06\/bn-300x225.jpg 300w, https:\/\/pt.cam4.com\/blog\/wp-content\/blogs.dir\/10\/files\/2015\/06\/bn.jpg 640w\" sizes=\"(max-width: 300px) 100vw, 300px\" \/><\/a><\/p>\n<pre>Dias: <strong>15 26 17 18 19 20 21 22 23 24 25 26 27<\/strong><\/pre>\n<p><strong>O Casal Gay<\/strong> <a href=\"https:\/\/www.cam4.com\/spsol\" target=\"_blank\">spsol<\/a> (Marcelo e Luis) far\u00e1 v\u00e1rios Shows durante todo o m\u00eas: (Hor\u00e1rio do Brasil)<\/p>\n<div id=\"attachment_8558\" style=\"width: 310px\" class=\"wp-caption alignnone\"><a href=\"https:\/\/pt.cam4.com\/blog\/files\/2015\/06\/ml.jpg\"><img aria-describedby=\"caption-attachment-8558\" loading=\"lazy\" class=\"wp-image-8558 size-medium\" src=\"https:\/\/pt.cam4.com\/blog\/files\/2015\/06\/ml-300x169.jpg\" alt=\"casal gay cam4\" width=\"300\" height=\"169\" srcset=\"https:\/\/pt.cam4.com\/blog\/wp-content\/blogs.dir\/10\/files\/2015\/06\/ml-300x169.jpg 300w, https:\/\/pt.cam4.com\/blog\/wp-content\/blogs.dir\/10\/files\/2015\/06\/ml-1024x576.jpg 1024w\" sizes=\"(max-width: 300px) 100vw, 300px\" \/><\/a><p id=\"caption-attachment-8558\" class=\"wp-caption-text\">Spsol<\/p><\/div>\n<p><strong>domingo, 7 de junho de 2015: <\/strong>\u00a0\u00a0 22:59hs<br \/>\n<strong>segunda-feira, 8 de junho de 2015: \u00a0<\/strong>\u00a0 01:00hs and 22:00<br \/>\n<strong>ter\u00e7a-feira, 9 de junho de 2015:<\/strong> \u00a0\u00a0 01:00hs and 22:00<br \/>\n<strong>quarta-feira, 10 de junho de 2015:<\/strong> \u00a0\u00a0 01:00hs and 22:00<br \/>\n<strong>quinta-feira, 11 de junho de 2015:<\/strong> \u00a0\u00a0 01:00hs and 22:00<br \/>\n<strong>sexta-feira, 12 de junho de 2015:<\/strong> \u00a0\u00a0 01:00hs and 16:00 and 22:00hs<br \/>\n<strong>s\u00e1bado, 13 de junho de 2015<\/strong> :\u00a0\u00a0 23:59Hs<br \/>\n<strong>Domingo, 14 de junho de 2015: <\/strong>\u00a0\u00a0 22:59hs<br \/>\n<strong>segunda-feira, 15 de junho de 2015: <\/strong>\u00a0\u00a0 01:00hs e 22:00<br \/>\n<strong>ter\u00e7a-feira, 16 de junho de 2015:<\/strong> \u00a0\u00a0 01:00hs e 22:00<br \/>\n<strong>quarta-feira, 17 de junho de 2015:<\/strong> \u00a0\u00a0 01:00hs and 22:00<br \/>\n<strong>quinta-feira, 18 de junho de 2015: \u00a0<\/strong>\u00a0 01:00hs and 22:00<br \/>\n<strong>sexta-feira, 19 de junho de 2015: <\/strong>\u00a0\u00a0 01:00hs and 16:00 and 22:00hs<br \/>\n<strong>s\u00e1bado, 20 de junho de 2015: \u00a0<\/strong>\u00a0 23:59Hs<br \/>\n<strong>domingo, 21 de junho de 2015: <\/strong>\u00a0\u00a0 22:59hs<br \/>\n<strong>segunda-feira, 22 de junho de 2015:<\/strong> \u00a0\u00a0 01:00hs and 22:00<br \/>\n<strong>ter\u00e7a-feira, 23 de junho de 2015:<\/strong> \u00a0\u00a0 01:00hs and 22:00<br \/>\n<strong>quarta-feira, 24 de junho de 2015:<\/strong> \u00a0\u00a0 01:00hs and 22:00<br \/>\n<strong>quinta-feira, 25 de junho de 2015: <\/strong>\u00a0\u00a0 01:00hs and 22:00<br \/>\n<strong>sexta-feira, 26 de junho de 2015:<\/strong> \u00a0\u00a0 01:00hs and 16:00 and 22:00hs<br \/>\n<strong>s\u00e1bado, 27 de junho de 2015<\/strong>: \u00a0\u00a0 23:59Hs<\/p>\n<p><a href=\"https:\/\/www.cam4.com.br\/Fabuloso13\" target=\"_blank\">Fabuloso13 &#8211;<\/a> Fabuloso \u00e9 h\u00e9tero mas tem muitos f\u00e3s Gays ent\u00e3o separou 2 Shows especiais para eles no Cam4 dia 18 e 26 de Junho 23:30 (hor\u00e1rio do Brasil).<\/p>\n<div id=\"attachment_8564\" style=\"width: 310px\" class=\"wp-caption alignnone\"><a href=\"https:\/\/pt.cam4.com\/blog\/files\/2015\/06\/fab.jpg\"><img aria-describedby=\"caption-attachment-8564\" loading=\"lazy\" class=\"wp-image-8564 size-medium\" src=\"https:\/\/pt.cam4.com\/blog\/files\/2015\/06\/fab-300x169.jpg\" alt=\"fabuloso13 cam4\" width=\"300\" height=\"169\" srcset=\"https:\/\/pt.cam4.com\/blog\/wp-content\/blogs.dir\/10\/files\/2015\/06\/fab-300x169.jpg 300w, https:\/\/pt.cam4.com\/blog\/wp-content\/blogs.dir\/10\/files\/2015\/06\/fab-1024x576.jpg 1024w, https:\/\/pt.cam4.com\/blog\/wp-content\/blogs.dir\/10\/files\/2015\/06\/fab.jpg 1920w\" sizes=\"(max-width: 300px) 100vw, 300px\" \/><\/a><p id=\"caption-attachment-8564\" class=\"wp-caption-text\">fabuloso13 cam4<\/p><\/div>\n<p><strong>quinta-feira, 18 de junho de 2015<\/strong> :23:30<br \/>\n<strong>sexta-feira, 26 de junho de 2015<\/strong> :23:30<\/p>\n","protected":false},"excerpt":{"rendered":"<p>De 07 a 28 de Junho estaremos celebrando o <strong>CAM4 Gay Pride 2015<\/strong>, com shows especiais com tem\u00e1tica Gay, concursos coloridos e muito<\/p>\n","protected":false},"author":13,"featured_media":8612,"comment_status":"open","ping_status":"closed","sticky":false,"template":"","format":"standard","meta":[],"categories":[34413,41028],"tags":[],"yoast_head":"<!-- This site is optimized with the Yoast SEO plugin v15.3 - https:\/\/yoast.com\/wordpress\/plugins\/seo\/ -->\n<meta name=\"description\" content=\"Gay Pride 2015\" \/>\n<meta name=\"robots\" content=\"index, follow, max-snippet:-1, max-image-preview:large, max-video-preview:-1\" \/>\n<link rel=\"canonical\" href=\"https:\/\/pt.cam4.com\/blog\/cam4-gay-pride-2015\/\" \/>\n<meta property=\"og:locale\" content=\"en_US\" \/>\n<meta property=\"og:type\" content=\"article\" \/>\n<meta property=\"og:title\" content=\"CAM4 Gay Pride 2015 - Cam4 Brasil e Portugal\" \/>\n<meta property=\"og:description\" content=\"Gay Pride 2015\" \/>\n<meta property=\"og:url\" content=\"https:\/\/pt.cam4.com\/blog\/cam4-gay-pride-2015\/\" \/>\n<meta property=\"og:site_name\" content=\"Cam4 Brasil e Portugal\" \/>\n<meta property=\"article:published_time\" content=\"2015-06-15T17:30:11+00:00\" \/>\n<meta property=\"article:modified_time\" content=\"2015-06-15T17:44:37+00:00\" \/>\n<meta property=\"og:image\" content=\"https:\/\/pt.cam4.com\/blog\/wp-content\/blogs.dir\/10\/files\/2015\/06\/Pride_600x320.jpg\" \/>\n\t<meta property=\"og:image:width\" content=\"600\" \/>\n\t<meta property=\"og:image:height\" content=\"320\" \/>\n<meta name=\"twitter:label1\" content=\"Written by\">\n\t<meta name=\"twitter:data1\" content=\"\">\n\t<meta name=\"twitter:label2\" content=\"Est. reading time\">\n\t<meta name=\"twitter:data2\" content=\"2 minutes\">\n<script type=\"application\/ld+json\" class=\"yoast-schema-graph\">{\"@context\":\"https:\/\/schema.org\",\"@graph\":[{\"@type\":\"WebSite\",\"@id\":\"https:\/\/pt.cam4.com\/blog\/#website\",\"url\":\"https:\/\/pt.cam4.com\/blog\/\",\"name\":\"Cam4 Brasil e Portugal\",\"description\":\"Entrevistas com performers do Cam4 e novidades sobre o site\",\"potentialAction\":[{\"@type\":\"SearchAction\",\"target\":\"https:\/\/pt.cam4.com\/blog\/?s={search_term_string}\",\"query-input\":\"required name=search_term_string\"}],\"inLanguage\":\"en-US\"},{\"@type\":\"ImageObject\",\"@id\":\"https:\/\/pt.cam4.com\/blog\/cam4-gay-pride-2015\/#primaryimage\",\"inLanguage\":\"en-US\",\"url\":\"https:\/\/pt.cam4.com\/blog\/wp-content\/blogs.dir\/10\/files\/2015\/06\/Pride_600x320.jpg\",\"width\":600,\"height\":320,\"caption\":\"CAM4 GAY\"},{\"@type\":\"WebPage\",\"@id\":\"https:\/\/pt.cam4.com\/blog\/cam4-gay-pride-2015\/#webpage\",\"url\":\"https:\/\/pt.cam4.com\/blog\/cam4-gay-pride-2015\/\",\"name\":\"CAM4 Gay Pride 2015 - Cam4 Brasil e Portugal\",\"isPartOf\":{\"@id\":\"https:\/\/pt.cam4.com\/blog\/#website\"},\"primaryImageOfPage\":{\"@id\":\"https:\/\/pt.cam4.com\/blog\/cam4-gay-pride-2015\/#primaryimage\"},\"datePublished\":\"2015-06-15T17:30:11+00:00\",\"dateModified\":\"2015-06-15T17:44:37+00:00\",\"author\":{\"@id\":\"\"},\"description\":\"Gay Pride 2015\",\"inLanguage\":\"en-US\",\"potentialAction\":[{\"@type\":\"ReadAction\",\"target\":[\"https:\/\/pt.cam4.com\/blog\/cam4-gay-pride-2015\/\"]}]},{\"@type\":\"Person\",\"@id\":\"\"}]}<\/script>\n<!-- \/ Yoast SEO plugin. -->","_links":{"self":[{"href":"https:\/\/pt.cam4.com\/blog\/wp-json\/wp\/v2\/posts\/8556"}],"collection":[{"href":"https:\/\/pt.cam4.com\/blog\/wp-json\/wp\/v2\/posts"}],"about":[{"href":"https:\/\/pt.cam4.com\/blog\/wp-json\/wp\/v2\/types\/post"}],"author":[{"embeddable":true,"href":"https:\/\/pt.cam4.com\/blog\/wp-json\/wp\/v2\/users\/13"}],"replies":[{"embeddable":true,"href":"https:\/\/pt.cam4.com\/blog\/wp-json\/wp\/v2\/comments?post=8556"}],"version-history":[{"count":0,"href":"https:\/\/pt.cam4.com\/blog\/wp-json\/wp\/v2\/posts\/8556\/revisions"}],"wp:featuredmedia":[{"embeddable":true,"href":"https:\/\/pt.cam4.com\/blog\/wp-json\/wp\/v2\/media\/8612"}],"wp:attachment":[{"href":"https:\/\/pt.cam4.com\/blog\/wp-json\/wp\/v2\/media?parent=8556"}],"wp:term":[{"taxonomy":"category","embeddable":true,"href":"https:\/\/pt.cam4.com\/blog\/wp-json\/wp\/v2\/categories?post=8556"},{"taxonomy":"post_tag","embeddable":true,"href":"https:\/\/pt.cam4.com\/blog\/wp-json\/wp\/v2\/tags?post=8556"}],"curies":[{"name":"wp","href":"https:\/\/api.w.org\/{rel}","templated":true}]}}